{"id":572,"date":"2024-07-05T13:53:56","date_gmt":"2024-07-05T13:53:56","guid":{"rendered":"https:\/\/www.lebaillidesuffren.com\/visitez-le-fort-de-bregancon-durant-vos-vacances-dete-dans-le-golfe-de-saint-tropez\/"},"modified":"2024-07-11T13:40:02","modified_gmt":"2024-07-11T13:40:02","slug":"fort-of-bregancon","status":"publish","type":"post","link":"https:\/\/www.lebaillidesuffren.com\/en\/fort-of-bregancon\/","title":{"rendered":"VISIT THE FORT DE BR\u00c9GAN\u00c7ON DURING YOUR HOLIDAY IN THE GULF OF SAINT-TROPEZ"},"content":{"rendered":"","protected":false},"excerpt":{"rendered":"","protected":false},"author":46,"featured_media":0,"comment_status":"open","ping_status":"open","sticky":false,"template":"","format":"standard","meta":[],"categories":[23],"tags":[],"class_list":["post-572","post","type-post","status-publish","format-standard","hentry","category-visits"],"yoast_head":"<!-- This site is optimized with the Yoast SEO plugin v26.9 - https:\/\/yoast.com\/product\/yoast-seo-wordpress\/ -->\n<title>Visit the Fort de Br\u00e9gan\u00e7on | H\u00f4tel Le Bailli de Suffren<\/title>\n<meta name=\"description\" content=\"Enjoy the exceptional opening of the Fort during your summer holidays in the Gulf of Saint Tropez.Discover the charming 4-star hotel **** Le Bailli de Suffren in Rayol Canadel and explore the Fort de Br\u00e9gan\u00e7on, the region&#039;s historic jewel\" \/>\n<meta name=\"robots\" content=\"index, follow, max-snippet:-1, max-image-preview:large, max-video-preview:-1\" \/>\n<link rel=\"canonical\" href=\"https:\/\/www.lebaillidesuffren.com\/en\/fort-of-bregancon\/\" \/>\n<meta property=\"og:locale\" content=\"en_US\" \/>\n<meta property=\"og:type\" content=\"article\" \/>\n<meta property=\"og:title\" content=\"Visit the Fort de Br\u00e9gan\u00e7on | H\u00f4tel Le Bailli de Suffren\" \/>\n<meta property=\"og:description\" content=\"Enjoy the exceptional opening of the Fort during your summer holidays in the Gulf of Saint Tropez.Discover the charming 4-star hotel **** Le Bailli de Suffren in Rayol Canadel and explore the Fort de Br\u00e9gan\u00e7on, the region&#039;s historic jewel\" \/>\n<meta property=\"og:url\" content=\"https:\/\/www.lebaillidesuffren.com\/en\/fort-of-bregancon\/\" \/>\n<meta property=\"og:site_name\" content=\"Le Bailli de Suffren\" \/>\n<meta property=\"article:published_time\" content=\"2024-07-05T13:53:56+00:00\" \/>\n<meta property=\"article:modified_time\" content=\"2024-07-11T13:40:02+00:00\" \/>\n<meta name=\"author\" content=\"ethomas\" \/>\n<meta name=\"twitter:card\" content=\"summary_large_image\" \/>\n<meta name=\"twitter:label1\" content=\"Written by\" \/>\n\t<meta name=\"twitter:data1\" content=\"ethomas\" \/>\n<script type=\"application\/ld+json\" class=\"yoast-schema-graph\">{\"@context\":\"https:\/\/schema.org\",\"@graph\":[{\"@type\":\"Article\",\"@id\":\"https:\/\/www.lebaillidesuffren.com\/en\/fort-of-bregancon\/#article\",\"isPartOf\":{\"@id\":\"https:\/\/www.lebaillidesuffren.com\/en\/fort-of-bregancon\/\"},\"author\":{\"name\":\"ethomas\",\"@id\":\"https:\/\/www.lebaillidesuffren.com\/en\/#\/schema\/person\/0497e3cf47b37e0f2e599901ebfa8f7e\"},\"headline\":\"VISIT THE FORT DE BR\u00c9GAN\u00c7ON DURING YOUR HOLIDAY IN THE GULF OF SAINT-TROPEZ\",\"datePublished\":\"2024-07-05T13:53:56+00:00\",\"dateModified\":\"2024-07-11T13:40:02+00:00\",\"mainEntityOfPage\":{\"@id\":\"https:\/\/www.lebaillidesuffren.com\/en\/fort-of-bregancon\/\"},\"wordCount\":15,\"commentCount\":0,\"articleSection\":[\"Visits\"],\"inLanguage\":\"en-US\",\"potentialAction\":[{\"@type\":\"CommentAction\",\"name\":\"Comment\",\"target\":[\"https:\/\/www.lebaillidesuffren.com\/en\/fort-of-bregancon\/#respond\"]}]},{\"@type\":\"WebPage\",\"@id\":\"https:\/\/www.lebaillidesuffren.com\/en\/fort-of-bregancon\/\",\"url\":\"https:\/\/www.lebaillidesuffren.com\/en\/fort-of-bregancon\/\",\"name\":\"Visit the Fort de Br\u00e9gan\u00e7on | H\u00f4tel Le Bailli de Suffren\",\"isPartOf\":{\"@id\":\"https:\/\/www.lebaillidesuffren.com\/en\/#website\"},\"datePublished\":\"2024-07-05T13:53:56+00:00\",\"dateModified\":\"2024-07-11T13:40:02+00:00\",\"author\":{\"@id\":\"https:\/\/www.lebaillidesuffren.com\/en\/#\/schema\/person\/0497e3cf47b37e0f2e599901ebfa8f7e\"},\"description\":\"Enjoy the exceptional opening of the Fort during your summer holidays in the Gulf of Saint Tropez.Discover the charming 4-star hotel **** Le Bailli de Suffren in Rayol Canadel and explore the Fort de Br\u00e9gan\u00e7on, the region's historic jewel\",\"breadcrumb\":{\"@id\":\"https:\/\/www.lebaillidesuffren.com\/en\/fort-of-bregancon\/#breadcrumb\"},\"inLanguage\":\"en-US\",\"potentialAction\":[{\"@type\":\"ReadAction\",\"target\":[\"https:\/\/www.lebaillidesuffren.com\/en\/fort-of-bregancon\/\"]}]},{\"@type\":\"BreadcrumbList\",\"@id\":\"https:\/\/www.lebaillidesuffren.com\/en\/fort-of-bregancon\/#breadcrumb\",\"itemListElement\":[{\"@type\":\"ListItem\",\"position\":1,\"name\":\"Home\",\"item\":\"https:\/\/www.lebaillidesuffren.com\/en\/\"},{\"@type\":\"ListItem\",\"position\":2,\"name\":\"VISIT THE FORT DE BR\u00c9GAN\u00c7ON DURING YOUR HOLIDAY IN THE GULF OF SAINT-TROPEZ\"}]},{\"@type\":\"WebSite\",\"@id\":\"https:\/\/www.lebaillidesuffren.com\/en\/#website\",\"url\":\"https:\/\/www.lebaillidesuffren.com\/en\/\",\"name\":\"Le Bailli de Suffren\",\"description\":\"\",\"potentialAction\":[{\"@type\":\"SearchAction\",\"target\":{\"@type\":\"EntryPoint\",\"urlTemplate\":\"https:\/\/www.lebaillidesuffren.com\/en\/?s={search_term_string}\"},\"query-input\":{\"@type\":\"PropertyValueSpecification\",\"valueRequired\":true,\"valueName\":\"search_term_string\"}}],\"inLanguage\":\"en-US\"},{\"@type\":\"Person\",\"@id\":\"https:\/\/www.lebaillidesuffren.com\/en\/#\/schema\/person\/0497e3cf47b37e0f2e599901ebfa8f7e\",\"name\":\"ethomas\",\"image\":{\"@type\":\"ImageObject\",\"inLanguage\":\"en-US\",\"@id\":\"https:\/\/www.lebaillidesuffren.com\/en\/#\/schema\/person\/image\/\",\"url\":\"https:\/\/secure.gravatar.com\/avatar\/835675aadfeb28713717e2a68935f198098c3dd101e9117b5487baede95b9eda?s=96&d=mm&r=g\",\"contentUrl\":\"https:\/\/secure.gravatar.com\/avatar\/835675aadfeb28713717e2a68935f198098c3dd101e9117b5487baede95b9eda?s=96&d=mm&r=g\",\"caption\":\"ethomas\"},\"sameAs\":[\"ethomas\"]}]}<\/script>\n<!-- \/ Yoast SEO plugin. -->","yoast_head_json":{"title":"Visit the Fort de Br\u00e9gan\u00e7on | H\u00f4tel Le Bailli de Suffren","description":"Enjoy the exceptional opening of the Fort during your summer holidays in the Gulf of Saint Tropez.Discover the charming 4-star hotel **** Le Bailli de Suffren in Rayol Canadel and explore the Fort de Br\u00e9gan\u00e7on, the region's historic jewel","robots":{"index":"index","follow":"follow","max-snippet":"max-snippet:-1","max-image-preview":"max-image-preview:large","max-video-preview":"max-video-preview:-1"},"canonical":"https:\/\/www.lebaillidesuffren.com\/en\/fort-of-bregancon\/","og_locale":"en_US","og_type":"article","og_title":"Visit the Fort de Br\u00e9gan\u00e7on | H\u00f4tel Le Bailli de Suffren","og_description":"Enjoy the exceptional opening of the Fort during your summer holidays in the Gulf of Saint Tropez.Discover the charming 4-star hotel **** Le Bailli de Suffren in Rayol Canadel and explore the Fort de Br\u00e9gan\u00e7on, the region's historic jewel","og_url":"https:\/\/www.lebaillidesuffren.com\/en\/fort-of-bregancon\/","og_site_name":"Le Bailli de Suffren","article_published_time":"2024-07-05T13:53:56+00:00","article_modified_time":"2024-07-11T13:40:02+00:00","author":"ethomas","twitter_card":"summary_large_image","twitter_misc":{"Written by":"ethomas"},"schema":{"@context":"https:\/\/schema.org","@graph":[{"@type":"Article","@id":"https:\/\/www.lebaillidesuffren.com\/en\/fort-of-bregancon\/#article","isPartOf":{"@id":"https:\/\/www.lebaillidesuffren.com\/en\/fort-of-bregancon\/"},"author":{"name":"ethomas","@id":"https:\/\/www.lebaillidesuffren.com\/en\/#\/schema\/person\/0497e3cf47b37e0f2e599901ebfa8f7e"},"headline":"VISIT THE FORT DE BR\u00c9GAN\u00c7ON DURING YOUR HOLIDAY IN THE GULF OF SAINT-TROPEZ","datePublished":"2024-07-05T13:53:56+00:00","dateModified":"2024-07-11T13:40:02+00:00","mainEntityOfPage":{"@id":"https:\/\/www.lebaillidesuffren.com\/en\/fort-of-bregancon\/"},"wordCount":15,"commentCount":0,"articleSection":["Visits"],"inLanguage":"en-US","potentialAction":[{"@type":"CommentAction","name":"Comment","target":["https:\/\/www.lebaillidesuffren.com\/en\/fort-of-bregancon\/#respond"]}]},{"@type":"WebPage","@id":"https:\/\/www.lebaillidesuffren.com\/en\/fort-of-bregancon\/","url":"https:\/\/www.lebaillidesuffren.com\/en\/fort-of-bregancon\/","name":"Visit the Fort de Br\u00e9gan\u00e7on | H\u00f4tel Le Bailli de Suffren","isPartOf":{"@id":"https:\/\/www.lebaillidesuffren.com\/en\/#website"},"datePublished":"2024-07-05T13:53:56+00:00","dateModified":"2024-07-11T13:40:02+00:00","author":{"@id":"https:\/\/www.lebaillidesuffren.com\/en\/#\/schema\/person\/0497e3cf47b37e0f2e599901ebfa8f7e"},"description":"Enjoy the exceptional opening of the Fort during your summer holidays in the Gulf of Saint Tropez.Discover the charming 4-star hotel **** Le Bailli de Suffren in Rayol Canadel and explore the Fort de Br\u00e9gan\u00e7on, the region's historic jewel","breadcrumb":{"@id":"https:\/\/www.lebaillidesuffren.com\/en\/fort-of-bregancon\/#breadcrumb"},"inLanguage":"en-US","potentialAction":[{"@type":"ReadAction","target":["https:\/\/www.lebaillidesuffren.com\/en\/fort-of-bregancon\/"]}]},{"@type":"BreadcrumbList","@id":"https:\/\/www.lebaillidesuffren.com\/en\/fort-of-bregancon\/#breadcrumb","itemListElement":[{"@type":"ListItem","position":1,"name":"Home","item":"https:\/\/www.lebaillidesuffren.com\/en\/"},{"@type":"ListItem","position":2,"name":"VISIT THE FORT DE BR\u00c9GAN\u00c7ON DURING YOUR HOLIDAY IN THE GULF OF SAINT-TROPEZ"}]},{"@type":"WebSite","@id":"https:\/\/www.lebaillidesuffren.com\/en\/#website","url":"https:\/\/www.lebaillidesuffren.com\/en\/","name":"Le Bailli de Suffren","description":"","potentialAction":[{"@type":"SearchAction","target":{"@type":"EntryPoint","urlTemplate":"https:\/\/www.lebaillidesuffren.com\/en\/?s={search_term_string}"},"query-input":{"@type":"PropertyValueSpecification","valueRequired":true,"valueName":"search_term_string"}}],"inLanguage":"en-US"},{"@type":"Person","@id":"https:\/\/www.lebaillidesuffren.com\/en\/#\/schema\/person\/0497e3cf47b37e0f2e599901ebfa8f7e","name":"ethomas","image":{"@type":"ImageObject","inLanguage":"en-US","@id":"https:\/\/www.lebaillidesuffren.com\/en\/#\/schema\/person\/image\/","url":"https:\/\/secure.gravatar.com\/avatar\/835675aadfeb28713717e2a68935f198098c3dd101e9117b5487baede95b9eda?s=96&d=mm&r=g","contentUrl":"https:\/\/secure.gravatar.com\/avatar\/835675aadfeb28713717e2a68935f198098c3dd101e9117b5487baede95b9eda?s=96&d=mm&r=g","caption":"ethomas"},"sameAs":["ethomas"]}]}},"acf":[],"_links":{"self":[{"href":"https:\/\/www.lebaillidesuffren.com\/en\/wp-json\/wp\/v2\/posts\/572","targetHints":{"allow":["GET"]}}],"collection":[{"href":"https:\/\/www.lebaillidesuffren.com\/en\/wp-json\/wp\/v2\/posts"}],"about":[{"href":"https:\/\/www.lebaillidesuffren.com\/en\/wp-json\/wp\/v2\/types\/post"}],"author":[{"embeddable":true,"href":"https:\/\/www.lebaillidesuffren.com\/en\/wp-json\/wp\/v2\/users\/46"}],"replies":[{"embeddable":true,"href":"https:\/\/www.lebaillidesuffren.com\/en\/wp-json\/wp\/v2\/comments?post=572"}],"version-history":[{"count":0,"href":"https:\/\/www.lebaillidesuffren.com\/en\/wp-json\/wp\/v2\/posts\/572\/revisions"}],"wp:attachment":[{"href":"https:\/\/www.lebaillidesuffren.com\/en\/wp-json\/wp\/v2\/media?parent=572"}],"wp:term":[{"taxonomy":"category","embeddable":true,"href":"https:\/\/www.lebaillidesuffren.com\/en\/wp-json\/wp\/v2\/categories?post=572"},{"taxonomy":"post_tag","embeddable":true,"href":"https:\/\/www.lebaillidesuffren.com\/en\/wp-json\/wp\/v2\/tags?post=572"}],"curies":[{"name":"wp","href":"https:\/\/api.w.org\/{rel}","templated":true}]}}